{"id":942,"date":"2019-08-04T12:43:02","date_gmt":"2019-08-04T18:43:02","guid":{"rendered":"http:\/\/www.vida-nueva.co.cr\/de\/?p=942"},"modified":"2019-08-04T12:43:02","modified_gmt":"2019-08-04T18:43:02","slug":"fantazztico-europatournee-2019-%c2%a8rondoland%c2%a8%ef%bb%bf","status":"publish","type":"post","link":"http:\/\/www.vida-nueva.co.cr\/de\/2019\/08\/04\/fantazztico-europatournee-2019-%c2%a8rondoland%c2%a8%ef%bb%bf\/","title":{"rendered":"FANTAZZTICO   &#8211;   EUROPATOURNEE  2019  \u00a8RONDOLAND\u00a8\ufeff"},"content":{"rendered":"\n<p>30.08. Basel:\nKurzauftritte in der Stadt<\/p>\n\n\n\n<p>31.08. 19:00\nStationszirkus, Dreispitz <\/p>\n\n\n\n<p>01.09. 16:00 Stationszirkus,\nDreispitz<\/p>\n\n\n\n<p>02.09. 20:00 Konzert\nZirkusband Bandabobo, Brasserie Loraine<\/p>\n\n\n\n<p>04.09. 19:00 Show am Freien\nGymnasium<\/p>\n\n\n\n<p>05.09. 18:00 Show am\nLebermattgymnasium<\/p>\n\n\n\n<p>07.09. 19:00\nCirco Filacro, Uster Vorstellung<\/p>\n\n\n\n<p>08.09. 16:00\nCirco Filacro, Uster Vorstellung<\/p>\n\n\n\n<p>10.09. Auftritt\nim Chapiteau d\u00b4Adrienne, Ris Orangis<\/p>\n\n\n\n<p>11.09. Auftritt\nEMMAUS, XVIII.Arrond.<\/p>\n\n\n\n<p>15.09. Auftritt\nam Weinmarkt <\/p>\n\n\n\n<p>16.09. 15:00 Auftritt\nim Gemeindesaal Riesen<\/p>\n\n\n\n<p>16.09. 19:00\nAuftritt im Gemeindesaal Riesen<\/p>\n\n\n\n<p>17.09. 20:30 Konzert\nbandabobo in Sol Kulturbar, M\u00fclheim\/Ruhr&nbsp;\n<\/p>\n\n\n\n<p>18.09. 19:00 Auftritt\nLiebfrauenkirche<\/p>\n\n\n\n<p>20.09. Konzert und Feuershow, Rostock<\/p>\n\n\n\n<p>21.09. 18:00 Vorstellung\nund Fiesta beim Zirkus Fantasia<\/p>\n\n\n\n<p>22.09. 14:00 Workshop\nund Vorstellung Fantasia<\/p>\n\n\n\n<p>23.09. 10:00\nWorkshop und Sch\u00fclervorstellung Fantasia<\/p>\n\n\n\n<p>25.09.\nVorstellung im \u00a8Kuhstall\u00a8<\/p>\n\n\n\n<p>28.09. 16:00 Auff\u00fchrung Zirkus Zack RAW\u2013Gel\u00e4nde, Berlin<\/p>\n\n\n\n<p>29.09. 16:00 Auff\u00fchrung Zirkus Zack RAW-Gel\u00e4nde, Berlin<\/p>\n\n\n\n<p>01.10. Auff\u00fchrung\nund Workshop Dresden<\/p>\n\n\n\n<p>03.10. 19:00 Auff\u00fchrung\nB\u00fcrgerbr\u00e4ukeller Z87, W\u00fcrzburg<\/p>\n\n\n\n<p>04.10. Schulauff\u00fchrung\nB\u00fcrgerbr\u00e4ukeller, W\u00fcrzburg<\/p>\n\n\n\n<p>06.10. 16:00 Auff\u00fchrung\nJugendbildungsst\u00e4tte\/Zirkuszelt, Volkersberg<\/p>\n\n\n\n<p>08.10. 19:00\nKonzert bandabobo im Gr\u00fcnen Baum, Tailfingen&nbsp;\n<\/p>\n\n\n\n<p>09.10. 18:00\nVorstellung in der Seminarturnhalle, Nagold <\/p>\n\n\n\n<p>10.10. Reise nach Salzburg<\/p>\n\n\n\n<p>11.10. Konzert Bandabobo mit\nlokaler Band Damisch und Shivering Fit im Zirkus MOTA <\/p>\n\n\n\n<p>12.10. 15:00\nShow Fantazztico und Zirkus MOTA im Kulturzentrum ODEION<\/p>\n\n\n\n<p>&nbsp;&nbsp;&nbsp;&nbsp;&nbsp;&nbsp;&nbsp;&nbsp;&nbsp;\n18:00 Show Fantazztico und Zirkus MOTA im Kulturzentrum ODEION<\/p>\n\n\n\n<p>17.10. 16:30\nShow im Kulturzentrum Mo.xx<\/p>\n\n\n\n<p>&nbsp;&nbsp;&nbsp;&nbsp;&nbsp;&nbsp;&nbsp;&nbsp;&nbsp; 19:00 Show im Kulturzentrum Mo.xx<\/p>\n\n\n\n<p>&nbsp;&nbsp;&nbsp;&nbsp;&nbsp;&nbsp;&nbsp;&nbsp;&nbsp; 21:00 Konzert Bandabobo Mo.xx<\/p>\n\n\n\n<p>23.10. Auff\u00fchrung BRG und HAK Rohrbach, St. Martin<\/p>\n\n\n\n<p>24.10.\/25.10. St\nMartin NMS, Mittelschule Oberneukirchen und HAK \u2013 Linz \/ Auhof <\/p>\n\n\n\n<p>26.10. 20:00 St.\nMartin, EMPIRE Disco \u2013 Zirkusshow<\/p>\n\n\n\n<p>27.10. 18:00 Vorstellung im Theater ODEON, Taborstr.10 (Reservierungen: 01\/2165127\u00a0 online: karten@odeon.at), Wien (<a href=\"https:\/\/www.odeon-theater.at\/837.0.html\">Link<\/a>)<\/p>\n","protected":false},"excerpt":{"rendered":"<p>30.08. Basel: Kurzauftritte in der Stadt 31.08. 19:00 Stationszirkus, Dreispitz 01.09. 16:00 Stationszirkus, Dreispitz 02.09. 20:00 Konzert Zirkusband Bandabobo, Brasserie Loraine 04.09. 19:00 Show am Freien Gymnasium 05.09. 18:00 Show am Lebermattgymnasium 07.09. 19:00 Circo Filacro, Uster Vorstellung 08.09. 16:00 &hellip; <a href=\"http:\/\/www.vida-nueva.co.cr\/de\/2019\/08\/04\/fantazztico-europatournee-2019-%c2%a8rondoland%c2%a8%ef%bb%bf\/\">Continue reading <span class=\"meta-nav\">&rarr;<\/span><\/a><\/p>\n","protected":false},"author":1,"featured_media":0,"comment_status":"open","ping_status":"open","sticky":false,"template":"","format":"standard","meta":{"footnotes":""},"categories":[5],"tags":[65,64],"_links":{"self":[{"href":"http:\/\/www.vida-nueva.co.cr\/de\/wp-json\/wp\/v2\/posts\/942"}],"collection":[{"href":"http:\/\/www.vida-nueva.co.cr\/de\/wp-json\/wp\/v2\/posts"}],"about":[{"href":"http:\/\/www.vida-nueva.co.cr\/de\/wp-json\/wp\/v2\/types\/post"}],"author":[{"embeddable":true,"href":"http:\/\/www.vida-nueva.co.cr\/de\/wp-json\/wp\/v2\/users\/1"}],"replies":[{"embeddable":true,"href":"http:\/\/www.vida-nueva.co.cr\/de\/wp-json\/wp\/v2\/comments?post=942"}],"version-history":[{"count":1,"href":"http:\/\/www.vida-nueva.co.cr\/de\/wp-json\/wp\/v2\/posts\/942\/revisions"}],"predecessor-version":[{"id":943,"href":"http:\/\/www.vida-nueva.co.cr\/de\/wp-json\/wp\/v2\/posts\/942\/revisions\/943"}],"wp:attachment":[{"href":"http:\/\/www.vida-nueva.co.cr\/de\/wp-json\/wp\/v2\/media?parent=942"}],"wp:term":[{"taxonomy":"category","embeddable":true,"href":"http:\/\/www.vida-nueva.co.cr\/de\/wp-json\/wp\/v2\/categories?post=942"},{"taxonomy":"post_tag","embeddable":true,"href":"http:\/\/www.vida-nueva.co.cr\/de\/wp-json\/wp\/v2\/tags?post=942"}],"curies":[{"name":"wp","href":"https:\/\/api.w.org\/{rel}","templated":true}]}}