{"id":159,"date":"2012-12-02T16:48:52","date_gmt":"2012-12-02T22:48:52","guid":{"rendered":"http:\/\/www.vida-nueva.co.cr\/es\/?p=159"},"modified":"2012-12-05T13:57:34","modified_gmt":"2012-12-05T19:57:34","slug":"circo-fantazztico-produccion-2013","status":"publish","type":"post","link":"http:\/\/www.vida-nueva.co.cr\/es\/2012\/12\/02\/circo-fantazztico-produccion-2013\/","title":{"rendered":"CIRCO FANTAZZTICO &#8211; PRODUCCION 2013"},"content":{"rendered":"<p>Creaci\u00f3n y producci\u00f3n del espect\u00e1culo circense, \u201c<strong>HAZ DE TU VIDA UN CIRCO\u201d<\/strong>. La obra usar\u00e1 recursos tradicionales del circo con \u00e9nfasis en la disciplina del clown, enriquecidos  por elementos de teatro y danza.<\/p>\n<p>La obra est\u00e1 inspirada en el texto literario, \u201c<strong>Marcos Ramirez<\/strong>\u201d de Carlos Luis Fallas debido a la identificaci\u00f3n que la-os integrantes del circo establecen con el personaje protagonista del libro por su condici\u00f3n de ni\u00f1o marginal y rural.<\/p>\n<p>Este espect\u00e1culo estar\u00e1 basado en el aprendizaje de la-os integrantes del Circo Fantazztico (ni\u00f1os, ni\u00f1as y j\u00f3venes). A trav\u00e9s del personaje del libro toman mayor conciencia de su existencia, su gran potencial creativo, imaginativo y su seguridad personal, todo ello como resultado de su actividad art\u00edstica que les ha permitido  escoger el camino de su destino. Descubren tambi\u00e9n que el mundo es ancho y ajeno y que otros seres como ellos tambi\u00e9n existen.<\/p>\n<p>Es la historia de la clase marginal de la poblaci\u00f3n pero historia de la solidaridad humana, llena de aventuras, muy colorida, un poema  de esperanza y optimismo y llena de humor.<\/p>\n<p>La creaci\u00f3n y el montaje ser\u00e1n un proceso de aprendizaje y concientizaci\u00f3n  para artistas y p\u00fablico  descubriendo sus potencialidades como actores en esta sociedad. Al mismo tiempo permitir\u00e1 un acercamiento a cap\u00edtulos de la historia de Costa Rica casi olvidados.<\/p>\n<p>El montaje de la obra se llevar\u00e1 a cabo en las instalaciones de la Asoc. Vida Nueva\/San Isidro,  en el Complejo Cultural de San Isidro, el Polideportivo de P.Z. y en el Rancho de Longo Mai.<\/p>\n<p>El espect\u00e1culo ser\u00e1 presentado  a la mayor cantidad de p\u00fablico posible, a las escuelas, colegios, barrios populares, festivales nacionales e internacionales.<\/p>\n<p>Tambi\u00e9n se presentar\u00e1 en el FIA  2014 en Santa Ana, Mora,  Puriscal y  en otros festivales internacionales.<\/p>\n<p><strong>Trasfondo del proyecto<\/strong>:<\/p>\n<p>El avance de la mundializaci\u00f3n ha ido llevando consigo una mayor marginalizaci\u00f3n de las zonas urbanas. El poder de los mercados y el estimulo generalizado del consumismo est\u00e1n creando una sociedad en la que ya no se respetan los valores colectivos sino las salidas individuales. Adem\u00e1s el miedo  provocado y generalizado obliga al individuo de cambiar libertad por seguridad.<\/p>\n<p>El circo es un espacio social y art\u00edstico, es una escuela de vida que hace posible un proceso metodol\u00f3gico y vivencial para el desarrollo humano, de crecimiento a las personas y colectivos.  Nos lleva a una sociedad humanizada, abierta a valores que tienen a ver con la paz, la fraternidad  y la libertad.<\/p>\n<p>Los ni\u00f1@s del circo nos inspiran los mismos sentimientos  que el protagonista Marcos Ramirez  en el texto de Carlos Luis Fallas. Son traviesos, se meten en \u201cbroncas\u201d pero son acciones inocentes, trayectorias imaginativas pero con un realismo sobresaliente. Son acciones llenas de energ\u00eda y muy ricas por su sabor humano. El mundo de los ni\u00f1@s del circo y de Marcos Ramirez  se parece bastante:  a veces se  decae, en otras oportunidades los hace  sentir capaces de inventar el futuro y de crear un mundo nuevo.<\/p>\n<p>Creemos que el circo como expresi\u00f3n art\u00edstica interdisciplinaria (acrobacia, malabares, danza, teatro, clown, m\u00fasica,..) es un recurso excelente para recuperar, recrear y  reinventar el pasado a la luz de una nueva lectura. La obra literaria de Carlos Luis Fallas nos puede  ayudar en esta tarea y facilitar el acceso de los artistas y del p\u00fablico al conocimiento de su propia historia y a su arte.<\/p>\n<p><strong>Objetivos y m\u00e9todo para la realizaci\u00f3n del proyecto<\/strong>:<\/p>\n<ol>\n<li><span style=\"font-family: Calibri, serif;\">Realizar \tun trabajo de recuperaci\u00f3n y recreaci\u00f3n de importantes cap\u00edtulos \tde la historia y literatura de Costa Rica<\/span><\/li>\n<li><span style=\"font-family: Calibri, serif;\">Realizar \testa producci\u00f3n con el m\u00e9todo \u201cdescubriendo nuestras \tpotencialidades y la historia de mi pueblo\u201d, utilizando el aumento \tde la autoestima entre l@s integrantes mientras comparten el \tconocimiento con las comunidades y el p\u00fablico.<\/span><\/li>\n<li><span style=\"font-family: Calibri, serif;\">Dar \tcontinuidad a este trabajo art\u00edstico y educativo en las comunidades \ten las cuales estamos interviniendo actualmente, d\u00e1ndoles talleres \tsemanales en todo tipo de las artes circenses.<\/span><\/li>\n<li><span style=\"font-family: Calibri, serif;\">Dar \ta conocer a trav\u00e9s de recursos l\u00fadicos como el circo una \tliteratura de alto valor art\u00edstico. Una manera de asegurar que \testos contenidos altamente importantes para nuestra historia y \tcultura lleguen a todo p\u00fablico.<\/span><\/li>\n<li><span style=\"font-family: Calibri, serif;\">Lograr \tque con este tipo de proyectos siguen integrando se personas de \textensa experiencia art\u00edstica como Ferruccio Cainero (guionista de \tcasi todas las obras de la mundialmente conocida clown suiza Gardi \tHutter).<\/span><\/li>\n<\/ol>\n<p><strong>Equipo de producci\u00f3n:<\/strong><\/p>\n<p>Lilia Carolina Gil Casallas, gui\u00f3n, direcci\u00f3n art\u00edstica, vestuario<\/p>\n<p>Ferruccio Cainero, gui\u00f3n, producci\u00f3n, escenas, efectos especiales<\/p>\n<p>Alexandra Graf, gui\u00f3n, escenas<\/p>\n<p>Guadalupe Urbina, Karol Barboza, Mariangel Matamoros, m\u00fasica<\/p>\n<p>Roland Spendlingwimmer, direcci\u00f3n general<\/p>\n<p>Rafael Monge, direcci\u00f3n sonido<\/p>\n<p>Marcos Solis, Bryan Mes\u00e9n, Deiner Benavides, luces, asistencia art\u00edstica y t\u00e9cnica<\/p>\n<p>Carlos Rivas Olvera, direcci\u00f3n acrobacia a\u00e9rea, asistente t\u00e9cnico<\/p>\n<p>Equipo art\u00edstico :  15 artistas, 5 m\u00fasicos y 3 t\u00e9cnicos<\/p>\n<p>Duraci\u00f3n :  60 minutos<\/p>\n<p>&nbsp;<\/p>\n<p><strong>Ejecuci\u00f3n del proyecto : Calendario<\/strong><\/p>\n<p lang=\"es-ES\">&nbsp;<\/p>\n<ul>\n<li><span style=\"font-family: Calibri, serif;\">Noviembre \t2012 hasta marzo 2013 : elaboraci\u00f3n del gui\u00f3n: ni\u00f1@s y j\u00f3venes \tdel circo, m\u00fasicos,  Alexandra, Ferruccio, Carolina, Roland <\/span><\/li>\n<\/ul>\n<ul>\n<li><span style=\"font-family: Calibri, serif;\">Enero \t2013 : entrenamiento especial de acrobacia a\u00e9rea con Carlos Rivas \tO. en San Isidro<\/span><\/li>\n<\/ul>\n<ul>\n<li><span style=\"font-family: Calibri, serif;\">Febrero \thasta junio 2013 : elaboraci\u00f3n de las escenas, escogencia de la \tm\u00fasica, dise\u00f1o y confecci\u00f3n del vestuario y escenograf\u00eda<\/span><\/li>\n<\/ul>\n<ul>\n<li><span style=\"font-family: Calibri, serif;\">Junio\/julio \t2013 : puesta en escena con Ferruccio<\/span><\/li>\n<\/ul>\n<ul>\n<li><span style=\"font-family: Calibri, serif;\">Agosto \t2013 : estreno de la nueva obra en San Isidro y tres presentaciones \ta nivel nacional<\/span><\/li>\n<\/ul>\n<ul>\n<li><span style=\"font-family: Calibri, serif;\">Septiembre \t2013 : gira en Europa: Suiza, Austria y Alemania, aprox. 12 \tpresentaciones<\/span><\/li>\n<\/ul>\n","protected":false},"excerpt":{"rendered":"<p>Creaci\u00f3n y producci\u00f3n del espect\u00e1culo circense, \u201cHAZ DE TU VIDA UN CIRCO\u201d. La obra usar\u00e1 recursos tradicionales del circo con \u00e9nfasis en la disciplina del clown, enriquecidos por elementos de teatro y danza. La obra est\u00e1 inspirada en el texto &hellip; <a href=\"http:\/\/www.vida-nueva.co.cr\/es\/2012\/12\/02\/circo-fantazztico-produccion-2013\/\">Continue reading <span class=\"meta-nav\">&rarr;<\/span><\/a><\/p>\n","protected":false},"author":5,"featured_media":0,"comment_status":"open","ping_status":"open","sticky":false,"template":"","format":"standard","meta":{"footnotes":""},"categories":[3],"tags":[],"_links":{"self":[{"href":"http:\/\/www.vida-nueva.co.cr\/es\/wp-json\/wp\/v2\/posts\/159"}],"collection":[{"href":"http:\/\/www.vida-nueva.co.cr\/es\/wp-json\/wp\/v2\/posts"}],"about":[{"href":"http:\/\/www.vida-nueva.co.cr\/es\/wp-json\/wp\/v2\/types\/post"}],"author":[{"embeddable":true,"href":"http:\/\/www.vida-nueva.co.cr\/es\/wp-json\/wp\/v2\/users\/5"}],"replies":[{"embeddable":true,"href":"http:\/\/www.vida-nueva.co.cr\/es\/wp-json\/wp\/v2\/comments?post=159"}],"version-history":[{"count":8,"href":"http:\/\/www.vida-nueva.co.cr\/es\/wp-json\/wp\/v2\/posts\/159\/revisions"}],"predecessor-version":[{"id":163,"href":"http:\/\/www.vida-nueva.co.cr\/es\/wp-json\/wp\/v2\/posts\/159\/revisions\/163"}],"wp:attachment":[{"href":"http:\/\/www.vida-nueva.co.cr\/es\/wp-json\/wp\/v2\/media?parent=159"}],"wp:term":[{"taxonomy":"category","embeddable":true,"href":"http:\/\/www.vida-nueva.co.cr\/es\/wp-json\/wp\/v2\/categories?post=159"},{"taxonomy":"post_tag","embeddable":true,"href":"http:\/\/www.vida-nueva.co.cr\/es\/wp-json\/wp\/v2\/tags?post=159"}],"curies":[{"name":"wp","href":"https:\/\/api.w.org\/{rel}","templated":true}]}}