{"id":385,"date":"2016-12-24T08:13:10","date_gmt":"2016-12-24T14:13:10","guid":{"rendered":"http:\/\/www.vida-nueva.co.cr\/es\/?p=385"},"modified":"2016-12-24T08:14:06","modified_gmt":"2016-12-24T14:14:06","slug":"entrevista-con-marco-tulio-solis-fallas-estudiante-en-el-cirko-vertigo-torino-italia","status":"publish","type":"post","link":"http:\/\/www.vida-nueva.co.cr\/es\/2016\/12\/24\/entrevista-con-marco-tulio-solis-fallas-estudiante-en-el-cirko-vertigo-torino-italia\/","title":{"rendered":"Entrevista con Marco Tulio Sol\u00eds Fallas, estudiante en el Cirko Vertigo, Torino, Italia"},"content":{"rendered":"<p><a href=\"http:\/\/www.vida-nueva.co.cr\/es\/files\/2016\/12\/alexandra_grill_1004.jpg\"><img decoding=\"async\" loading=\"lazy\" class=\"alignright size-medium wp-image-386\" src=\"http:\/\/www.vida-nueva.co.cr\/es\/files\/2016\/12\/alexandra_grill_1004-200x300.jpg\" alt=\"alexandra_grill_1004\" width=\"200\" height=\"300\" srcset=\"http:\/\/www.vida-nueva.co.cr\/es\/files\/2016\/12\/alexandra_grill_1004-200x300.jpg 200w, http:\/\/www.vida-nueva.co.cr\/es\/files\/2016\/12\/alexandra_grill_1004-768x1152.jpg 768w, http:\/\/www.vida-nueva.co.cr\/es\/files\/2016\/12\/alexandra_grill_1004-683x1024.jpg 683w, http:\/\/www.vida-nueva.co.cr\/es\/files\/2016\/12\/alexandra_grill_1004.jpg 1067w\" sizes=\"(max-width: 200px) 100vw, 200px\" \/><\/a><\/p>\n<p><strong>Roland<\/strong>: Hola Marco, como estas? Ya hablas italiano?<\/p>\n<p>&nbsp;<\/p>\n<p><strong>Marco<\/strong>: Todo va bien por el momento, el italiano va muy bien, ya empiezo a hablar bastante!<\/p>\n<p>&nbsp;<\/p>\n<p><strong>Roland<\/strong>: Vas a participar en el \u201cChristmas Show\u201d o \u201cEnergy Show\u201d en Torino?<\/p>\n<p>&nbsp;<\/p>\n<p><strong>Marco<\/strong>: Por el momento no podemos participar de los shows como artistas, debemos esperar hasta abril del pr\u00f3ximo a\u00f1o para hacer el primer espect\u00e1culo.<\/p>\n<p>Pero voy a participar como parte del staff que ayuda para que todo salga bien durante el espect\u00e1culo de navidad!<\/p>\n<p>&nbsp;<\/p>\n<p><strong>Roland<\/strong>: Como son las clases que recibes? Cu\u00e1les son tus profesores? Que disciplinas estas entrenando y como es el ambiente en general en la escuela?<\/p>\n<p><strong>\u00a0<\/strong><\/p>\n<p><strong>Marco: <\/strong>Te adjunto el horario de la pr\u00f3xima semana, he escogido como especialidad el m\u00e1stil y aparte tomamos todos los cursos que puedes ver en el horario.<\/p>\n<p>Los cursos son:<\/p>\n<p>Preparaci\u00f3n f\u00edsica<\/p>\n<p>Disciplina en mi caso m\u00e1stil<\/p>\n<p>Acrobacia<\/p>\n<p>Equilibrio ( parado de manos)<\/p>\n<p>Danza contempor\u00e1nea<\/p>\n<p>Danza cl\u00e1sica<\/p>\n<p>Teatro<\/p>\n<p>Los profesores son muy buenos y hay uno en especial, se llama Arian, es de Albania. Arian sabe ense\u00f1ar todas las disciplinas y es una persona muy importante del mundo del circo, tiene casi 80 a\u00f1os y seg\u00fan dicen a\u00fan hace parado de manos con un brazo!<\/p>\n<p>El clima de la escuela es bueno y se respira un ambiente de esfuerzo y trabajo duro y mucho respeto.<\/p>\n<p>El nivel art\u00edstico es muy bueno, pero se ven pocos artistas que saben hacer muchas disciplinas a la vez. Esta gran variedad de conocimientos en el Fantazztico es muy buena. Con el poco de tiempo que he estado ac\u00e1, he aprendido m\u00e1s cosas, me fijo mucho en la parte administrativa y en c\u00f3mo se reparten los cursos, espero aportar algo de esto el pr\u00f3ximo a\u00f1o cuando voy a vacaciones a P\u00e9rez.<\/p>\n<p>&nbsp;<\/p>\n<p><strong>Roland<\/strong>: Cuantos estudiantes est\u00e1n en la escuela y de cuales pa\u00edses vienen?<\/p>\n<p>&nbsp;<\/p>\n<p><strong>Marco<\/strong>: La escuela tiene en formaci\u00f3n profesional por lo menos 35 estudiantes, luego hay cursos infantiles y cursos preparatorios para entrar en la escuela y toda la parte de la compa\u00f1\u00eda de espect\u00e1culos que es bastante grande. Los estudiantes vienen de Italia, Espa\u00f1a, Francia, Grecia, Eslovenia, M\u00e9xico, Colombia, Chile y Brasil.<\/p>\n<p>&nbsp;<\/p>\n<p><strong>Roland<\/strong>: Los curos ustedes los escogen? Hay tambi\u00e9n cursos te\u00f3ricos y tienen ex\u00e1menes? El segundo a\u00f1o es similar al primero?<\/p>\n<p>&nbsp;<\/p>\n<p><strong>Marco:<\/strong> Los cursos no los escogemos, son obligatorios. S\u00ed, hay evaluaciones t\u00e9cnicas durante todo el a\u00f1o y los cursos evolucionan seg\u00fan se desarrolle el aprendizaje del grupo. Puede ser r\u00e1pido o lento. De teor\u00eda tuvimos hasta ahora un curso de seguridad laboral y uno de historia del circo en Europa y su estado actual. Pienso que durante el a\u00f1o tendremos algunos m\u00e1s. El segundo a\u00f1o es un poco distinto, vamos a trabajar en la creaci\u00f3n de espect\u00e1culos, desarrollaremos propios n\u00fameros y por supuesto mantendremos el entrenamiento tambi\u00e9n.<\/p>\n<p><strong>\u00a0<\/strong><\/p>\n<p><strong>Roland<\/strong>: Como pasas el tiempo libre? Ya conoces un poco la ciudad y los alrededores?<\/p>\n<p>&nbsp;<\/p>\n<p><strong>Marco<\/strong>: El tiempo libre es muy poco. De lunes a viernes de 9am a 5pm es el horario de la escuela, y me entreno tambi\u00e9n durante el s\u00e1bado, el domingo lo uso para descansar y normalmente estoy muy cansado para salir a conocer bien la ciudad!<\/p>\n<p>&nbsp;<\/p>\n<p><strong>Roland<\/strong>: Aqu\u00ed estamos trabajando en los preparativos para la gira en enero a Nicaragua y tambi\u00e9n para la gira europea en setiembre 2017. Pensamos pasar por Torino y presentar el nuevo espect\u00e1culo en su escuela.<\/p>\n<p>&nbsp;<\/p>\n<p><strong>Marco:<\/strong> Me gusta la idea de hacer una presentaci\u00f3n aqu\u00ed en la escuela, a\u00fan no lo s\u00e9 qu\u00e9 tan posible son estas cosas porque la escuela es privada, pero ir\u00e9 viendo m\u00e1s adelante.<\/p>\n<p>&nbsp;<\/p>\n<p><strong>Roland<\/strong>: Supongo que recibes informaciones sobre lo que pasa en Costa Rica. Te fijaste en el desastre de hurac\u00e1n Otto? Me imagino que es bastante duro estar lejos de su pa\u00eds y estar solo por un tiempo bastante largo?<\/p>\n<p>&nbsp;<\/p>\n<p><strong>Marco<\/strong>: Claro que vi la cat\u00e1strofe que lleg\u00f3 a Costa Rica, me sent\u00ed mal unos d\u00edas, al menos no lleg\u00f3 a P\u00e9rez. Si es duro a veces estando afuera del pa\u00eds pero tengo una meta en mi vida y pienso que terminar un camino depende mucho de tu propio esfuerzo pero tambi\u00e9n depende de grandes personas que te ayudan a ver con claridad cuando no puedes hacerlo solo.<\/p>\n<p><em>6 de diciembre 2016<\/em><\/p>\n","protected":false},"excerpt":{"rendered":"<p>Roland: Hola Marco, como estas? Ya hablas italiano? &nbsp; Marco: Todo va bien por el momento, el italiano va muy bien, ya empiezo a hablar bastante! &nbsp; Roland: Vas a participar en el \u201cChristmas Show\u201d o \u201cEnergy Show\u201d en Torino? &hellip; <a href=\"http:\/\/www.vida-nueva.co.cr\/es\/2016\/12\/24\/entrevista-con-marco-tulio-solis-fallas-estudiante-en-el-cirko-vertigo-torino-italia\/\">Continue reading <span class=\"meta-nav\">&rarr;<\/span><\/a><\/p>\n","protected":false},"author":1,"featured_media":0,"comment_status":"open","ping_status":"open","sticky":false,"template":"","format":"standard","meta":{"footnotes":""},"categories":[3],"tags":[27,26],"_links":{"self":[{"href":"http:\/\/www.vida-nueva.co.cr\/es\/wp-json\/wp\/v2\/posts\/385"}],"collection":[{"href":"http:\/\/www.vida-nueva.co.cr\/es\/wp-json\/wp\/v2\/posts"}],"about":[{"href":"http:\/\/www.vida-nueva.co.cr\/es\/wp-json\/wp\/v2\/types\/post"}],"author":[{"embeddable":true,"href":"http:\/\/www.vida-nueva.co.cr\/es\/wp-json\/wp\/v2\/users\/1"}],"replies":[{"embeddable":true,"href":"http:\/\/www.vida-nueva.co.cr\/es\/wp-json\/wp\/v2\/comments?post=385"}],"version-history":[{"count":2,"href":"http:\/\/www.vida-nueva.co.cr\/es\/wp-json\/wp\/v2\/posts\/385\/revisions"}],"predecessor-version":[{"id":388,"href":"http:\/\/www.vida-nueva.co.cr\/es\/wp-json\/wp\/v2\/posts\/385\/revisions\/388"}],"wp:attachment":[{"href":"http:\/\/www.vida-nueva.co.cr\/es\/wp-json\/wp\/v2\/media?parent=385"}],"wp:term":[{"taxonomy":"category","embeddable":true,"href":"http:\/\/www.vida-nueva.co.cr\/es\/wp-json\/wp\/v2\/categories?post=385"},{"taxonomy":"post_tag","embeddable":true,"href":"http:\/\/www.vida-nueva.co.cr\/es\/wp-json\/wp\/v2\/tags?post=385"}],"curies":[{"name":"wp","href":"https:\/\/api.w.org\/{rel}","templated":true}]}}